{"id":182,"date":"2009-02-10T00:23:45","date_gmt":"2009-02-09T22:23:45","guid":{"rendered":"http:\/\/www.blog.bocu.ro\/?p=182"},"modified":"2009-02-10T12:04:29","modified_gmt":"2009-02-10T10:04:29","slug":"in-fiecare-zi-este-inceputul-lumii","status":"publish","type":"post","link":"http:\/\/www.blog.bocu.ro\/?p=182","title":{"rendered":"In fiecare zi este inceputul lumii"},"content":{"rendered":"<p>Nu am mai scris de ceva vreme pe blog. Universul meu interior s-a umplut peste masura de amareala noroiului puturos de acasa, de a carui mireasma &#8222;ma bucur&#8221; si aici, in Cork. Am citit insa pe blogul tatalui meu o fila interesanta. O redau integral mai jos. Pagina originala se gaseste <a href=\"http:\/\/www.dorin.bocu.ro\/blog_ro.php?id=64\">aici<\/a>.<\/p>\n<p><em>M\u00e3 \u00eentorc la vremea \u00een care, \u00fe\u00e2nc fiind, nu sc\u00e3pam nici un prilej de a m\u00e3 afla \u00een preajma bunicului meu dinspre mam\u00e3. Om ciudat, ale c\u00e3rui gesturi interioare preg\u00e3teau reprezenta\u00feii de o culoare cu totul deosebit\u00e3. P\u00e2n\u00e3 \u00bai eu, necopt \u00een multe privin\u00fee \u00bai \u00eenc\u00e3 nesigur de pa\u00baii \u00bai de cuvintele mele, sim\u00feeam \u00een b\u00e3tr\u00e2ne\u00feea lui doar un paravan pentru o \u00een\u00feelepciune a c\u00e3rei \u00eentindere ar fi putut lesne s\u00e3 devin\u00e3 covorul fermecat, pe care g\u00e2ndurile mele visau s\u00e3 zboare c\u00e3tre orizonturi, socotite altfel inutile sau inaccesibile. Nu \u00batiam atunci s\u00e3 exprim, \u00een cuvinte, ceea ce observam la el. Pl\u00e3cerea imens\u00e3 de a vorbi cu lumea, privind-o de la o anumit\u00e3 distan\u00fe\u00e3. Ast\u00e3zi, c\u00e2nd eu \u00eensumi sunt \u00een rela\u00feii de bun\u00e3 vecin\u00e3tate cu b\u00e3tr\u00e2ne\u00feea, a\u00ba numi acea distan\u00fe\u00e3, nivelul ideal de abstractizare a \u00een\u00feelesurilor, pe care lumea ni le transmite f\u00e3r\u00e3 \u00eentrerupere. \u00cen tinere\u00fee, bunicul fusese un veritabil om de ac\u00feiune. \u00cent\u00e2mpl\u00e3rile vie\u00feii \u00eel transformaser\u00e3 \u00eentr-un cuget\u00e3tor autentic, de\u00bai nu avea dec\u00e2t dovada c\u00e3 a frecventat patru clase primare. O performan\u00fe\u00e3 notabil\u00e3 \u00eentr-o lume despre care anumite lucr\u00e3ri ne informeaz\u00e3 c\u00e3 a fi analfabet era un fapt care trecea la fel de neobservat ca \u00bai larma privighetorilor \u00een cotloanele necercetate ale p\u00e3durilor. Lini\u00batea care se a\u00baternea pe fa\u00fea bunicului, c\u00e2nd r\u00e3m\u00e2neam doar noi doi, punea z\u00e3bal\u00e3 invizibil\u00e3 dorin\u00feei naturale a sufletului meu de a desena piruete \u00bai de a umple burduful clipei cu zgomote, socotite de mine complementare. Eu \u00batiam c\u00e3 nu pot spera mai mult dec\u00e2t isprava de a schi\u00fea un acompaniament timid al \u00eent\u00e2mpl\u00e3rilor deasupra c\u00e3rora \u00ee\u00bai proiectase figura bunicul. Acum, dup\u00e3 ce s-au scurs at\u00e2\u00feia ani de la trecerea lui \u00een nefiin\u00fe\u00e3, cred c\u00e3 am \u00een\u00feeles, \u00een sf\u00e2r\u00bait, mesajul pe care \u00eencerca s\u00e3 mi-l transmit\u00e3 \u00een acele momente, \u00een care lini\u00batea ocupa spa\u00feiile \u00eentinse dintre cuvintele pe care se \u00eendura s\u00e3 mi le spun\u00e3: \u201dNu te gr\u00e3bi, nepoate. Pentru om \u00een fiecare zi a vie\u00feii lui este \u00eenceputul lumii\u201d.<\/em><\/p>\n","protected":false},"excerpt":{"rendered":"<p>Nu am mai scris de ceva vreme pe blog. Universul meu interior s-a umplut peste masura de amareala noroiului puturos de acasa, de a carui mireasma &#8222;ma bucur&#8221; si aici, in Cork. Am citit insa pe blogul tatalui meu o fila interesanta. O redau integral mai jos. Pagina originala se gaseste aici. M\u00e3 \u00eentorc la [&hellip;]<\/p>\n","protected":false},"author":2,"featured_media":0,"comment_status":"open","ping_status":"open","sticky":false,"template":"","format":"standard","meta":{"ngg_post_thumbnail":0},"categories":[3],"tags":[160],"_links":{"self":[{"href":"http:\/\/www.blog.bocu.ro\/index.php?rest_route=\/wp\/v2\/posts\/182"}],"collection":[{"href":"http:\/\/www.blog.bocu.ro\/index.php?rest_route=\/wp\/v2\/posts"}],"about":[{"href":"http:\/\/www.blog.bocu.ro\/index.php?rest_route=\/wp\/v2\/types\/post"}],"author":[{"embeddable":true,"href":"http:\/\/www.blog.bocu.ro\/index.php?rest_route=\/wp\/v2\/users\/2"}],"replies":[{"embeddable":true,"href":"http:\/\/www.blog.bocu.ro\/index.php?rest_route=%2Fwp%2Fv2%2Fcomments&post=182"}],"version-history":[{"count":4,"href":"http:\/\/www.blog.bocu.ro\/index.php?rest_route=\/wp\/v2\/posts\/182\/revisions"}],"predecessor-version":[{"id":186,"href":"http:\/\/www.blog.bocu.ro\/index.php?rest_route=\/wp\/v2\/posts\/182\/revisions\/186"}],"wp:attachment":[{"href":"http:\/\/www.blog.bocu.ro\/index.php?rest_route=%2Fwp%2Fv2%2Fmedia&parent=182"}],"wp:term":[{"taxonomy":"category","embeddable":true,"href":"http:\/\/www.blog.bocu.ro\/index.php?rest_route=%2Fwp%2Fv2%2Fcategories&post=182"},{"taxonomy":"post_tag","embeddable":true,"href":"http:\/\/www.blog.bocu.ro\/index.php?rest_route=%2Fwp%2Fv2%2Ftags&post=182"}],"curies":[{"name":"wp","href":"https:\/\/api.w.org\/{rel}","templated":true}]}}