{"id":331,"date":"2010-09-08T12:47:08","date_gmt":"2010-09-08T09:47:08","guid":{"rendered":"http:\/\/www.blog.bocu.ro\/?p=331"},"modified":"2010-09-08T13:02:00","modified_gmt":"2010-09-08T10:02:00","slug":"brasov","status":"publish","type":"post","link":"http:\/\/www.blog.bocu.ro\/?p=331","title":{"rendered":"Brasov"},"content":{"rendered":"<p>Am gasit un articol interesant in <em>Buna Ziua Brasov<\/em>, articol pe care il redau integral mai jos.<\/p>\n<p><strong>Bra\u015fovul, primul ora\u015f din Rom\u00e2nia f\u0103r\u0103 semafoare<\/strong><\/p>\n<p><em>Primarul Bra\u015fovului vrea s\u0103 desfiin\u0163eze toate semafoarele din municipiu \u015fi s\u0103 eficientizeze consumul de energie prin folosirea panourilor solare pentru iluminatul \u00een trafic.<\/p>\n<p>Peste 150 de speciali\u015fti energiei regenerabile \u015fi al dezvolt\u0103rii durabile s-au \u00eent\u00e2lnit ieri la Bra\u015fov pentru a pune bazele primei re\u0163ele de comunit\u0103\u0163i energo-autarhe.<\/p>\n<p>Primarul Bra\u015fovului a sus\u0163inut  \u00een cadrul reuniunii c\u0103 municipiul nostru are deja mai multe proiecte importante pentru eficientizarea consumului energetic.<\/p>\n<p>Dou\u0103 puncte importante atinse de acestra au fost scoaterea tuturor semafoarelor din ora\u015f, pentru fluidizarea circula\u0163iei \u015fi reducerea emisiilor de dioxid de carbon. Pentru realizarea acestui proiect, \u00een Centrul Vechi va fi introdus transportul \u00een comun ecologic, cu autobuze electrice \u015fi pe biogaz.<\/p>\n<p>Unul alt proiect \u00een derulare se afl\u0103 \u00een cartierul Astra. Deocamdat\u0103, de\u015fi este la nivel experimental, s-au f\u0103cut economii de 30% la plata facturii de energie. Acest sistem fixeaz\u0103 intensitatea luminii \u00een func\u0163ie de traficul orar.<\/p>\n<p>La Bra\u015fov, trei cl\u0103diri vor fi incluse \u00een programul de folosire a energiei din surse regenerabile: Sala Sporturilor, C\u0103minul pentru Persoane V\u00e2rstnice \u015fi C\u0103minul pentru Persoane f\u0103r\u0103 Ad\u0103post.<\/p>\n<p>Sistemul folosirii panourilor solare pentru iluminatul \u00een trafic va fi extins la toate trecerile de pietoni din ora\u015f, folosind metoda ilumin\u0103rii sensului giratoriu de la intrarea \u00een ora\u015f dinspre H\u0103rman.<\/p>\n<p>\u00cen acest moment se afl\u0103 \u00een construc\u0163ie \u015fi Institutului de Cercet\u0103ri pentru Energii Regenerabile care va avea 11 laboratoare de cercetare.<\/em><\/p>\n<p>Sursa <a href=\"http:\/\/www.bzb.ro\/index.php?page_name=stire_detalii&#038;id_stire=57899\">aici<\/a>.<\/p>\n","protected":false},"excerpt":{"rendered":"<p>Am gasit un articol interesant in Buna Ziua Brasov, articol pe care il redau integral mai jos. Bra\u015fovul, primul ora\u015f din Rom\u00e2nia f\u0103r\u0103 semafoare Primarul Bra\u015fovului vrea s\u0103 desfiin\u0163eze toate semafoarele din municipiu \u015fi s\u0103 eficientizeze consumul de energie prin folosirea panourilor solare pentru iluminatul \u00een trafic. Peste 150 de speciali\u015fti energiei regenerabile \u015fi al [&hellip;]<\/p>\n","protected":false},"author":2,"featured_media":0,"comment_status":"open","ping_status":"open","sticky":false,"template":"","format":"standard","meta":{"ngg_post_thumbnail":0},"categories":[3],"tags":[270,77,268,269,66,271],"_links":{"self":[{"href":"http:\/\/www.blog.bocu.ro\/index.php?rest_route=\/wp\/v2\/posts\/331"}],"collection":[{"href":"http:\/\/www.blog.bocu.ro\/index.php?rest_route=\/wp\/v2\/posts"}],"about":[{"href":"http:\/\/www.blog.bocu.ro\/index.php?rest_route=\/wp\/v2\/types\/post"}],"author":[{"embeddable":true,"href":"http:\/\/www.blog.bocu.ro\/index.php?rest_route=\/wp\/v2\/users\/2"}],"replies":[{"embeddable":true,"href":"http:\/\/www.blog.bocu.ro\/index.php?rest_route=%2Fwp%2Fv2%2Fcomments&post=331"}],"version-history":[{"count":2,"href":"http:\/\/www.blog.bocu.ro\/index.php?rest_route=\/wp\/v2\/posts\/331\/revisions"}],"predecessor-version":[{"id":333,"href":"http:\/\/www.blog.bocu.ro\/index.php?rest_route=\/wp\/v2\/posts\/331\/revisions\/333"}],"wp:attachment":[{"href":"http:\/\/www.blog.bocu.ro\/index.php?rest_route=%2Fwp%2Fv2%2Fmedia&parent=331"}],"wp:term":[{"taxonomy":"category","embeddable":true,"href":"http:\/\/www.blog.bocu.ro\/index.php?rest_route=%2Fwp%2Fv2%2Fcategories&post=331"},{"taxonomy":"post_tag","embeddable":true,"href":"http:\/\/www.blog.bocu.ro\/index.php?rest_route=%2Fwp%2Fv2%2Ftags&post=331"}],"curies":[{"name":"wp","href":"https:\/\/api.w.org\/{rel}","templated":true}]}}