{"id":350,"date":"2010-11-13T09:39:55","date_gmt":"2010-11-13T06:39:55","guid":{"rendered":"http:\/\/www.blog.bocu.ro\/?p=350"},"modified":"2010-11-13T10:17:05","modified_gmt":"2010-11-13T07:17:05","slug":"campioane-mondiale","status":"publish","type":"post","link":"http:\/\/www.blog.bocu.ro\/?p=350","title":{"rendered":"Campioane mondiale"},"content":{"rendered":"<p>Ana Maria Br\u00e2nz\u0103, Anca M\u0103roiu, Simona Alexandru \u015fi Loredana Iord\u0103chioiu au r\u0103pus asear\u0103, dup\u0103 o final\u0103 halucinant\u0103, echipa Germaniei (35-26), \u00een finala probei de spad\u0103 pe echipe din cadrul CM din Paris. Teamul Anei Pascu ob\u0163ine astfel al treilea metal pentru Rom\u00e2nia, iar scrima urc\u0103 pe podiumul sporturilor rom\u00e2ne\u015fti \u00een 2010, al\u0103turi de haltere \u015fi kaiac-canoe.<\/p>\n<p>Cinci ani s-au scurs de la ultima medalie mondial\u0103 cucerit\u0103 de fetele din Rom\u00e2nia. Se \u00eent\u00e2mpla \u00een 2005, la Leipzig, c\u00e2nd Roxana Scarlat \u015fi colegele sale se \u00eenclinau \u00een finala de la floret\u0103. De-atunci, doar b\u0103ie\u0163ii, \u00een frunte cu Rare\u015f Dumitrescu, au \u00een\u0163epat constant.<\/p>\n<p>Nu\u00admai medalii! E timpul ca fetele s\u0103 ias\u0103 de la cutie, pentru c\u0103 asiaticele din echipa Coreei de Sud tocmai au fost o prad\u0103 u\u015foar\u0103 \u00een semifinala (45-31) disputat\u0103 cu doar 100 de minute \u00eenainte de lupta pentru aur. Heidemann, principala adversar\u0103, de\u0163ine un nume cu rezonan\u0163e \u00eenfrico\u015f\u0103toare. E tipa care i-a suflat cea mai str\u0103lucitoare medalie Anei \u00een finala olimpic\u0103. \u015ei meciul \u00eencepe! Din spadele fetelor ies sc\u00e2ntei, ne \u0163inem cu din\u0163ii de nem\u0163oaice, iar la finele asaltului de mijloc (Br\u00e2nz\u0103 &#8211; Heidemann 0-2, 8-9 la general), antrenorul Podeanu url\u0103 ca din gur\u0103 de \u015farpe. Fetele revars\u0103 pe plan\u015f\u0103 indica\u0163iile, iar \u00een ultima b\u0103t\u0103lie, a noua (17-16), soarta finalei e \u00een st\u00e2nga vicecampioanei olimpice. Stelista uit\u0103 de tot! De opera\u0163ia de anul trecut, de e\u015fecul de la individual \u015fi de toate sincopele! Face tu\u015f\u0103 dup\u0103 tu\u015f\u0103, se pr\u0103v\u0103le\u015fte pe plan\u015f\u0103 la o eschiv\u0103 \u00eencheiat\u0103 cu punct, sufer\u0103 o entors\u0103 la piciorul drept, umilind-o pe Duplitzer cu un incredibil 18-10! Un asalt care sintetizeaz\u0103 perfect \u00eentregul parcurs al fetelor, un asalt model pentru to\u0163i sportivii din Rom\u00e2nia!<\/p>\n<p>&#8222;Ana are o entors\u0103 u\u015foar\u0103 la glezn\u0103. La olimpiad\u0103 am spus c\u0103 \u00eemi vopsesc p\u0103rul \u00een ro\u015fu dup\u0103 finala Anei. Acum mi-a\u015f rade \u015fi musta\u0163a, dar m\u0103 d\u0103 nevasta afar\u0103 din cas\u0103&#8221; , Dan Podeanu, antrenor echipa de spad\u0103.<\/p>\n<p>5 medalii de aur a cucerit Rom\u00e2nia \u00een 2010 la Campionatele Mondiale: prin halterofilul Valeriu Calancea, canoi\u015ftii Mihalachi \u015fi Dumitrescu (2), gimnasta Ana Porgras \u015fi echipa feminin\u0103 de spad\u0103.<\/p>\n<p><a href=\"http:\/\/www.blog.bocu.ro\/wp-content\/uploads\/2010\/11\/01afp-resize_Romania_Spada.jpg\"><img loading=\"lazy\" src=\"http:\/\/www.blog.bocu.ro\/wp-content\/uploads\/2010\/11\/01afp-resize_Romania_Spada-300x204.jpg\" alt=\"\" title=\"Romania - Campioana mondiala la spada\" width=\"300\" height=\"204\" class=\"aligncenter size-medium wp-image-351\" srcset=\"http:\/\/www.blog.bocu.ro\/wp-content\/uploads\/2010\/11\/01afp-resize_Romania_Spada-300x204.jpg 300w, http:\/\/www.blog.bocu.ro\/wp-content\/uploads\/2010\/11\/01afp-resize_Romania_Spada.jpg 450w\" sizes=\"(max-width: 300px) 100vw, 300px\" \/><\/a><\/p>\n<p>Pre\u015fedintele FR de Scrim\u0103, Ana Pascu, a declarat, vineri, agen\u0163iei MEDIAFAX, c\u0103 medalia de aur ob\u0163inut\u0103 de echipa feminin\u0103 de spad\u0103 a Rom\u00e2niei la CM este cu at\u00e2t mai valoroas\u0103 cu c\u00e2t dou\u0103 dintre componentele echipei au avut probleme medicale \u015fi au reu\u015fit s\u0103 \u00eenving\u0103 c\u00e2\u015ftig\u0103toarea Cupei Mondiale.<\/p>\n<p>&#8222;A fost extraordinar, fetele s-au mobilizat foarte bine ast\u0103zi, iar eu am fost optimist\u0103 la \u00eenceputul acestei zile, c\u00e2nd am v\u0103zut atitudinea fetelor. \u00cen final\u0103 a fost foarte greu, pentru c\u0103 \u00eent\u00e2lneam Germania, care o avea \u00een lot \u015fi pe campioana olimpic\u0103 de la Beijing. \u00cen vreme ce noi aveam dou\u0103 fete cu probleme foarte mari, \u00eens\u0103 doctorii le-au bandajat \u015fi au f\u0103cut minuni pentru ca ele s\u0103 se poat\u0103 urca pe plan\u015f\u0103. M\u0103 bucur c\u0103 Ana Maria Br\u00e2nz\u0103 \u015fi-a revenit, pentru c\u0103 a avut o perioad\u0103 foarte proast\u0103 dup\u0103 opera\u0163ie \u015fi chiar dac\u0103 la proba individual\u0103 nu a tras prea tare, la proba pe echipe le-am v\u0103zut pe fete c\u0103 \u015fi-au dorit foarte mult s\u0103 ajung\u0103 acolo sus&#8221;, a spus Ana Pascu.<\/p>\n<p>Oficialul FR de Scrim\u0103 a ad\u0103ugat c\u0103 este mul\u0163umit\u0103 de rezultatele delega\u0163iei Rom\u00e2niei la CM de la Paris \u015fi c\u0103 de la cele dou\u0103 discipline medaliate, sabia masculin\u0103 \u015fi spada feminin\u0103, a\u015fteapt\u0103 medalii \u015fi la JO din 2012. &#8222;Sunt foarte mul\u0163umit\u0103, pentru c\u0103 suntem \u00een top cu cele dou\u0103 arme la care excel\u0103m. Sabia masculin\u0103 \u015fi spada feminin\u0103 sunt dou\u0103 discipline de la care vom avea preten\u0163ii la JO din 2012, de la Londra. Trebuie s\u0103 avem grij\u0103 de ace\u015fti sportivi, s\u0103 nu ne \u00eenfumur\u0103m, iar noi cei din federa\u0163ie trebuie s\u0103 le oferim competi\u0163ii puternice, pentru a ne men\u0163ine la acest nivel&#8221;, a mai spus Pascu.<\/p>\n<p><a href=\"http:\/\/www.blog.bocu.ro\/wp-content\/uploads\/2010\/11\/simona-afp-resize.jpg\"><img loading=\"lazy\" src=\"http:\/\/www.blog.bocu.ro\/wp-content\/uploads\/2010\/11\/simona-afp-resize-300x197.jpg\" alt=\"\" title=\"simona-afp-resize\" width=\"300\" height=\"197\" class=\"aligncenter size-medium wp-image-352\" srcset=\"http:\/\/www.blog.bocu.ro\/wp-content\/uploads\/2010\/11\/simona-afp-resize-300x197.jpg 300w, http:\/\/www.blog.bocu.ro\/wp-content\/uploads\/2010\/11\/simona-afp-resize.jpg 610w\" sizes=\"(max-width: 300px) 100vw, 300px\" \/><\/a><\/p>\n<p><a href=\"http:\/\/www.blog.bocu.ro\/wp-content\/uploads\/2010\/11\/maroiu-afp-resize.jpg\"><img loading=\"lazy\" src=\"http:\/\/www.blog.bocu.ro\/wp-content\/uploads\/2010\/11\/maroiu-afp-resize-300x199.jpg\" alt=\"\" title=\"maroiu-afp-resize\" width=\"300\" height=\"199\" class=\"aligncenter size-medium wp-image-353\" srcset=\"http:\/\/www.blog.bocu.ro\/wp-content\/uploads\/2010\/11\/maroiu-afp-resize-300x199.jpg 300w, http:\/\/www.blog.bocu.ro\/wp-content\/uploads\/2010\/11\/maroiu-afp-resize.jpg 610w\" sizes=\"(max-width: 300px) 100vw, 300px\" \/><\/a><\/p>\n<p><a href=\"http:\/\/www.blog.bocu.ro\/wp-content\/uploads\/2010\/11\/bucurie-reuters-resize.jpg\"><img loading=\"lazy\" src=\"http:\/\/www.blog.bocu.ro\/wp-content\/uploads\/2010\/11\/bucurie-reuters-resize-186x300.jpg\" alt=\"\" title=\"bucurie-reuters-resize\" width=\"186\" height=\"300\" class=\"aligncenter size-medium wp-image-354\" srcset=\"http:\/\/www.blog.bocu.ro\/wp-content\/uploads\/2010\/11\/bucurie-reuters-resize-186x300.jpg 186w, http:\/\/www.blog.bocu.ro\/wp-content\/uploads\/2010\/11\/bucurie-reuters-resize.jpg 373w\" sizes=\"(max-width: 186px) 100vw, 186px\" \/><\/a><a href=\"http:\/\/www.blog.bocu.ro\/wp-content\/uploads\/2010\/11\/branza-afp.jpg\"><img loading=\"lazy\" src=\"http:\/\/www.blog.bocu.ro\/wp-content\/uploads\/2010\/11\/branza-afp-300x185.jpg\" alt=\"\" title=\"branza-afp\" width=\"300\" height=\"185\" class=\"aligncenter size-medium wp-image-355\" srcset=\"http:\/\/www.blog.bocu.ro\/wp-content\/uploads\/2010\/11\/branza-afp-300x185.jpg 300w, http:\/\/www.blog.bocu.ro\/wp-content\/uploads\/2010\/11\/branza-afp.jpg 610w\" sizes=\"(max-width: 300px) 100vw, 300px\" \/><\/a><\/p>\n<p>Felicitari!<\/p>\n","protected":false},"excerpt":{"rendered":"<p>Ana Maria Br\u00e2nz\u0103, Anca M\u0103roiu, Simona Alexandru \u015fi Loredana Iord\u0103chioiu au r\u0103pus asear\u0103, dup\u0103 o final\u0103 halucinant\u0103, echipa Germaniei (35-26), \u00een finala probei de spad\u0103 pe echipe din cadrul CM din Paris. Teamul Anei Pascu ob\u0163ine astfel al treilea metal pentru Rom\u00e2nia, iar scrima urc\u0103 pe podiumul sporturilor rom\u00e2ne\u015fti \u00een 2010, al\u0103turi de haltere \u015fi [&hellip;]<\/p>\n","protected":false},"author":2,"featured_media":0,"comment_status":"open","ping_status":"open","sticky":false,"template":"","format":"standard","meta":{"ngg_post_thumbnail":0},"categories":[3],"tags":[288,287,284,66,285,286],"_links":{"self":[{"href":"http:\/\/www.blog.bocu.ro\/index.php?rest_route=\/wp\/v2\/posts\/350"}],"collection":[{"href":"http:\/\/www.blog.bocu.ro\/index.php?rest_route=\/wp\/v2\/posts"}],"about":[{"href":"http:\/\/www.blog.bocu.ro\/index.php?rest_route=\/wp\/v2\/types\/post"}],"author":[{"embeddable":true,"href":"http:\/\/www.blog.bocu.ro\/index.php?rest_route=\/wp\/v2\/users\/2"}],"replies":[{"embeddable":true,"href":"http:\/\/www.blog.bocu.ro\/index.php?rest_route=%2Fwp%2Fv2%2Fcomments&post=350"}],"version-history":[{"count":5,"href":"http:\/\/www.blog.bocu.ro\/index.php?rest_route=\/wp\/v2\/posts\/350\/revisions"}],"predecessor-version":[{"id":360,"href":"http:\/\/www.blog.bocu.ro\/index.php?rest_route=\/wp\/v2\/posts\/350\/revisions\/360"}],"wp:attachment":[{"href":"http:\/\/www.blog.bocu.ro\/index.php?rest_route=%2Fwp%2Fv2%2Fmedia&parent=350"}],"wp:term":[{"taxonomy":"category","embeddable":true,"href":"http:\/\/www.blog.bocu.ro\/index.php?rest_route=%2Fwp%2Fv2%2Fcategories&post=350"},{"taxonomy":"post_tag","embeddable":true,"href":"http:\/\/www.blog.bocu.ro\/index.php?rest_route=%2Fwp%2Fv2%2Ftags&post=350"}],"curies":[{"name":"wp","href":"https:\/\/api.w.org\/{rel}","templated":true}]}}